{"id":1666,"__str__":"Requerimento n\u00ba 86 de 2023","link_detail_backend":"/materia/1666","metadata":{},"numero":86,"ano":2023,"numero_protocolo":217,"data_apresentacao":"2023-11-20","tipo_apresentacao":"E","data_publicacao":null,"numero_origem_externa":"","ano_origem_externa":null,"data_origem_externa":null,"apelido":"","dias_prazo":null,"data_fim_prazo":null,"em_tramitacao":false,"polemica":false,"objeto":"","complementar":false,"ementa":"Requer que seja enviado Of\u00edcio ao Exmo. Sr. Prefeito, solicitando melhoria e amplia\u00e7\u00e3o do abastecimento de \u00e1gua da comunidade Roma de Baixo, neste munic\u00edpio.","indexacao":"","observacao":"","resultado":"","texto_original":"http://sapl.bananeiras.pb.leg.br/media/sapl/public/materialegislativa/2023/1666/req_86_-2023__melhoria_e_ampliacao_do_abastecimento_de_agua_da_comunidade_roma_de_baixo_neste_municipio..docx","data_ultima_atualizacao":"2023-11-30T08:49:21.487781-03:00","ip":"45.71.122.80","ultima_edicao":"2023-11-20T13:21:33.029130-03:00","tipo":13,"regime_tramitacao":2,"tipo_origem_externa":null,"local_origem_externa":null,"user":7,"anexadas":[],"autores":[9]}