{"id":18,"__str__":"Lei Promulgada n\u00ba 806, de 01 de fevereiro de 2019","link_detail_backend":"/norma/18","metadata":{},"texto_integral":"http://sapl.bananeiras.pb.leg.br/media/sapl/public/normajuridica/2019/18/lei-no-806-2019-altera-a-redacao-da-alinea-d-1-do-arti_uwMouKz.pdf","numero":"806","ano":2019,"esfera_federacao":"M","data":"2019-02-01","data_publicacao":null,"veiculo_publicacao":"","pagina_inicio_publicacao":null,"pagina_fim_publicacao":null,"ementa":"Altera a reda\u00e7\u00e3o da al\u00ednea d, \u00a71\u00b0 do artigo 11 da Lei 668, de 20 de Maio de 2015, que disp\u00f5e sobre a pol\u00edtica de Atendimento aos Direitos da Crian\u00e7a e do Adolescente.","indexacao":"","observacao":"","complemento":false,"data_vigencia":null,"timestamp":"2019-04-05T20:43:32.692556-03:00","data_ultima_atualizacao":"2019-04-05T20:43:32.736462-03:00","ip":"","ultima_edicao":null,"tipo":8,"materia":null,"orgao":null,"user":null,"assuntos":[],"autores":[]}