{"id":613,"__str__":"Lei n\u00ba 661, de 13 de abril de 2015","link_detail_backend":"/norma/613","metadata":{},"texto_integral":"http://sapl.bananeiras.pb.leg.br/media/sapl/public/normajuridica/2015/613/lei_no_661-2015_institui_a_inclusao_da_disciplina_etica_social_e_politica_na_grade_curricular_das.pdf","numero":"661","ano":2015,"esfera_federacao":"M","data":"2015-04-13","data_publicacao":"2015-04-13","veiculo_publicacao":"","pagina_inicio_publicacao":null,"pagina_fim_publicacao":null,"ementa":"INSTITUI A INCLUS\u00c3O DA DISCIPLINA \u201c\u00c9TICA SOCIAL E POL\u00cdTICA\u201d NA GRADE CURRICULAR DAS ESCOLAS P\u00daBLICAS E PRIVADAS EM FUNCIONAMENTO NO MUNIC\u00cdPIO DE BANANEIRAS E D\u00c1 OUTRAS PROVID\u00caNCIAS.","indexacao":"","observacao":"","complemento":false,"data_vigencia":null,"timestamp":"2023-03-13T17:17:23.532611-03:00","data_ultima_atualizacao":"2023-03-13T17:17:23.532870-03:00","ip":"177.86.182.48","ultima_edicao":"2023-03-13T17:17:23.238007-03:00","tipo":3,"materia":null,"orgao":null,"user":6,"assuntos":[],"autores":[]}